{"id":218,"date":"2017-09-24T22:37:36","date_gmt":"2017-09-24T20:37:36","guid":{"rendered":"http:\/\/schulstiftung-calvarienberg.de\/?p=218"},"modified":"2018-06-12T15:57:05","modified_gmt":"2018-06-12T13:57:05","slug":"218","status":"publish","type":"post","link":"https:\/\/schulstiftung-calvarienberg.de\/?p=218","title":{"rendered":""},"content":{"rendered":"<h1 style=\"text-align: center;\"><strong>Nachruf<\/strong><\/h1>\n<p style=\"text-align: center;\">Die Schulgemeinschaft des Gymnasiums Calvarienberg betrauert den Tod von<\/p>\n<p style=\"text-align: center;\"><strong>Frau Erika Sch\u00e4fer<\/strong><\/p>\n<p>Sie war von 1971 bis 2003 an unserer Schule t\u00e4tig. Wir behalten sie als sehr engagierte, von gro\u00dfer Freundlichkeit und Zugewandtheit gepr\u00e4gte Pers\u00f6nlichkeit in Erinnerung. Den Fachbereich Musik, der ihr besonders am Herzen lag, gestaltete sie ganz entscheidend mit.<\/p>\n<p>Wir werden Frau Sch\u00e4fer in bester Erinnerung behalten. Unsere Gebete gelten ihr und ihrer Familie.<\/p>\n<p>&nbsp;<\/p>\n<p style=\"text-align: center;\"><strong>F\u00fcr das Gymnasium Calvarienberg<\/strong><\/p>\n<p style=\"text-align: center;\"><strong>Bad Neuenahr-Ahrweiler<\/strong><\/p>\n<p><strong>Gabriele Kemmerling<\/strong>&nbsp; (komm. Schulleiterin)&nbsp; &nbsp;&nbsp;&nbsp;&nbsp;&nbsp;&nbsp;&nbsp;&nbsp;&nbsp;&nbsp;&nbsp;&nbsp;<strong>&nbsp;&nbsp;&nbsp;&nbsp;&nbsp;&nbsp;&nbsp;&nbsp;&nbsp;&nbsp;&nbsp;&nbsp;&nbsp;&nbsp;&nbsp;&nbsp;&nbsp;&nbsp; &nbsp;&nbsp;&nbsp;&nbsp; <\/p>\n<p>G\u00fcnter Harst<\/strong> (Mitarbeitervertretung)<\/p>\n<p>&nbsp;&nbsp;&nbsp;&nbsp;&nbsp;&nbsp;&nbsp;&nbsp;&nbsp;&nbsp;&nbsp;&nbsp;&nbsp;&nbsp;&nbsp;&nbsp;&nbsp;&nbsp;&nbsp;&nbsp;&nbsp;&nbsp;&nbsp;&nbsp;&nbsp;&nbsp; &nbsp;&nbsp;&nbsp;&nbsp;&nbsp;&nbsp;&nbsp;&nbsp;&nbsp;&nbsp;&nbsp;&nbsp;&nbsp;&nbsp;&nbsp;&nbsp;&nbsp;&nbsp;&nbsp;&nbsp;&nbsp;&nbsp;&nbsp;&nbsp;&nbsp;&nbsp;&nbsp;&nbsp;&nbsp;&nbsp; &nbsp;&nbsp;&nbsp;&nbsp;&nbsp;&nbsp;&nbsp;&nbsp;<\/p>\n","protected":false},"excerpt":{"rendered":"<p>Nachruf Die Schulgemeinschaft des Gymnasiums Calvarienberg betrauert den Tod von Frau Erika Sch\u00e4fer Sie war von 1971 bis 2003 an unserer Schule t\u00e4tig. Wir behalten sie als sehr engagierte, von gro\u00dfer Freundlichkeit und Zugewandtheit gepr\u00e4gte Pers\u00f6nlichkeit in Erinnerung. Den Fachbereich &hellip; <a href=\"https:\/\/schulstiftung-calvarienberg.de\/?p=218\">Weiterlesen <span class=\"meta-nav\">&rarr;<\/span><\/a><\/p>\n","protected":false},"author":2,"featured_media":0,"comment_status":"closed","ping_status":"closed","sticky":false,"template":"","format":"standard","meta":{"footnotes":""},"categories":[1],"tags":[],"class_list":["post-218","post","type-post","status-publish","format-standard","hentry","category-allgemein"],"_links":{"self":[{"href":"https:\/\/schulstiftung-calvarienberg.de\/index.php?rest_route=\/wp\/v2\/posts\/218","targetHints":{"allow":["GET"]}}],"collection":[{"href":"https:\/\/schulstiftung-calvarienberg.de\/index.php?rest_route=\/wp\/v2\/posts"}],"about":[{"href":"https:\/\/schulstiftung-calvarienberg.de\/index.php?rest_route=\/wp\/v2\/types\/post"}],"author":[{"embeddable":true,"href":"https:\/\/schulstiftung-calvarienberg.de\/index.php?rest_route=\/wp\/v2\/users\/2"}],"replies":[{"embeddable":true,"href":"https:\/\/schulstiftung-calvarienberg.de\/index.php?rest_route=%2Fwp%2Fv2%2Fcomments&post=218"}],"version-history":[{"count":21,"href":"https:\/\/schulstiftung-calvarienberg.de\/index.php?rest_route=\/wp\/v2\/posts\/218\/revisions"}],"predecessor-version":[{"id":250,"href":"https:\/\/schulstiftung-calvarienberg.de\/index.php?rest_route=\/wp\/v2\/posts\/218\/revisions\/250"}],"wp:attachment":[{"href":"https:\/\/schulstiftung-calvarienberg.de\/index.php?rest_route=%2Fwp%2Fv2%2Fmedia&parent=218"}],"wp:term":[{"taxonomy":"category","embeddable":true,"href":"https:\/\/schulstiftung-calvarienberg.de\/index.php?rest_route=%2Fwp%2Fv2%2Fcategories&post=218"},{"taxonomy":"post_tag","embeddable":true,"href":"https:\/\/schulstiftung-calvarienberg.de\/index.php?rest_route=%2Fwp%2Fv2%2Ftags&post=218"}],"curies":[{"name":"wp","href":"https:\/\/api.w.org\/{rel}","templated":true}]}}